{"id":2438,"date":"2019-10-17T09:48:48","date_gmt":"2019-10-17T07:48:48","guid":{"rendered":"http:\/\/dreptak.il.pw.edu.pl\/?p=2438"},"modified":"2019-10-17T18:05:11","modified_gmt":"2019-10-17T16:05:11","slug":"rajd-pierwszego-roku-2019-beskid-zywiecki-8-11-listopada","status":"publish","type":"post","link":"https:\/\/dreptak.il.pw.edu.pl\/?p=2438","title":{"rendered":"Rajd Pierwszego Roku 2019- Beskid \u017bywiecki, 8-11 listopada"},"content":{"rendered":"\n<p>[AKTUALIZACJA]&nbsp;<a href=\"https:\/\/www.facebook.com\/events\/912489812477490\/\">Zapisy<\/a>&nbsp;ju\u017c ruszy\u0142y!<\/p>\n\n\n\n<p><strong>Kochani Studenci, Dreptakowicze oraz Symaptycy!<\/strong><\/p>\n\n\n\n<p>W tym roku mamy przyjemno\u015b\u0107 zaprosi\u0107 Was na&nbsp;<strong>Rajd 1 Roku w Beskid \u017bywiecki<\/strong>.&nbsp; Rozk\u0142ad \u015bwi\u0105t nam wyj\u0105tkowo dopisa\u0142, poniewa\u017c 11 listopada wypada w poniedzia\u0142ek, co pozwoli\u0142o na zorganizowanie a\u017c trzydniowego wyjazdu.<\/p>\n\n\n\n<p>Rajdy Pierwszego Roku s\u0105 zawsze magiczne. Jesienno- zimowa aura panuj\u0105ca w ten czas w g\u00f3rach, czyni w\u0119dr\u00f3wk\u0119 wyj\u0105tkowo przyjemn\u0105 zar\u00f3wno dla oczu jak i duszy. Pozwala nam wszystkim uciec od miejskiego zgie\u0142ku Warszawy, spowitej szar\u0105 aur\u0105 porannych mgie\u0142 i smogu. W dolnych partiach g\u00f3r b\u0119dziemy mogli spodziewa\u0107 si\u0119 typowo jesiennego krajobrazu; szlaki pokryte dywanami kolorowych li\u015bci, miejscami zmieszane z b\u0142otnist\u0105 ziemi\u0105. Warto przy tym pami\u0119ta\u0107 o odpowiednim ubiorze. Cho\u0107 na nizinach s\u0142oneczne listopadowe dni potrafi\u0105 zaowocowa\u0107 przyjemnie umiarkowanymi temperaturami, to wy\u017cej panowa\u0107 ju\u017c b\u0119dzie mr\u00f3z, a g\u00f3rskie szczyty otuli \u015bwie\u017cy \u015bnieg.<\/p>\n\n\n\n<p>Pierwszy dzie\u0144 rajdu, cho\u0107 kr\u00f3tki, to nadal ponad dziewi\u0119ciogodzinny (wsch\u00f3d o 6:40, zach\u00f3d 16:13), pozwoli nieco wolniejszym dreptakowiczom&nbsp;rozkoszowa\u0107 si\u0119 zachodz\u0105cym s\u0142o\u0144cem ze szczytu Diablaka- najwy\u017cszego wzniesienia w pa\u015bmie babiog\u00f3rskim. <a href=\"https:\/\/mapa-turystyczna.pl\/map\/widget\/route\/h1l0p1\/kcg5.html\">Trasa: Zawoja, Lajkonik \u2013 Schronisko PTTK Markowe Szczawiny | mapa-turystyczna.pl<\/a><br><\/p>\n\n\n\n\n\n<p> \u00a0 <\/p>\n\n\n\n<p>Dla ch\u0119tnych przygotowali\u015bmy tak\u017ce kr\u00f3tszy, aczkolwiek mniej malowniczy wariant\n<a href=\"https:\/\/mapa-turystyczna.pl\/map\/widget\/route\/h1l0p1\/6obr.html\">Trasa: Zawoja, Policzne \u2013 Schronisko PTTK Markowe Szczawiny | mapa-turystyczna.pl<\/a>\n&nbsp;\n<\/p>\n\n\n\n<p>Po nocy w schronisku PTTK Markowe Szczawiny, nasza dreptakowa (niemal\u017ce) trupa wyruszy dalej, w stron\u0119 Hali Miziowej. Znaczn\u0105 cz\u0119\u015b\u0107 trasy stanowi\u0107 b\u0119dzie granica polsko-s\u0142owacka, a fragment (nieca\u0142e 3 kilometry) b\u0119dzie w pe\u0142ni na ziemi naszych po\u0142udniowych s\u0105siad\u00f3w.\n<a href=\"https:\/\/mapa-turystyczna.pl\/map\/widget\/route\/h1l0p1\/6dqe.html\">Trasa: Schronisko PTTK Markowe Szczawiny \u2013 Schronisko PTTK Na Hali Miziowej | mapa-turystyczna.pl<\/a>\n&nbsp;\n<\/p>\n\n\n\n<p>Po d\u0142ugim dniu w\u0119dr\u00f3wki, w Schronisku b\u0119dzie na nas czeka\u0107 nagroda: wieczorna biesiada oraz grill. Trasa zaplanowana na kolejny dzie\u0144 to zaledwie dwie godziny, nale\u017cy jednak pami\u0119ta\u0107 \u017ce musimy dotrze\u0107 do Korbielowa odpowiednio wcze\u015bniej tak, aby wr\u00f3ci\u0107 do Warszawy i wyspa\u0107 si\u0119 przed wtorkowymi zaj\u0119ciami.\n<a href=\"https:\/\/mapa-turystyczna.pl\/map\/widget\/route\/h1l0p1\/z5rx.html\">Trasa: Schronisko PTTK Na Hali Miziowej \u2013 Korbiel\u00f3w, Nad Potokiem | mapa-turystyczna.pl<\/a>\n&nbsp;\n<\/p>\n\n\n\n<p>Gar\u015b\u0107 dodatkowych informacji:<br>wyjazd z Warszawy oko\u0142o 22.30 spod Placu Politechniki, 8 listopada 2019<br>powr\u00f3t w to samo miejsce, 11 listopada 2019 p\u00f3\u017anym wieczorem<\/p>\n\n\n\n<p><strong>Cena:<\/strong><br>&#8211; studenci 1 roku studi\u00f3w in\u017c. PW &#8211; 140 z\u0142<br>&#8211; cz\u0142onkowie Klubu (studenci PW), studenci WIL &#8211; 160 z\u0142<br>&#8211; pozostali studenci PW &#8211; 190 z\u0142<br>&#8211; reszta \u015bwiata &#8211; 240 z\u0142<\/p>\n\n\n\n<p><strong>Cena zawiera:<\/strong><br>&#8211; przejazdy autokarem,<br>&#8211; 2 noclegi (bez wy\u017cywienia, bez po\u015bcieli-dodatkowo p\u0142atna),<br>&#8211; grill na Hali Miziowej,<br>&#8211; ubezpieczenie NNW,<br>&#8211; gad\u017cet wyjazdowy: komin na szyj\u0119 (uprzedzaj\u0105c pytania: materia\u0142owy, nie ceglany)<br>&#8211; czu\u0142\u0105 opiek\u0119 organizator\u00f3w<\/p>\n\n\n\n<p>w razie dodatkowych pyta\u0144 prosimy o kontakt na maila dreptak@il.pw.edu.pl<\/p>\n\n\n\n<p>Serdecznie zapraszamy,<br>Zuzia oraz Krzy\u015b<\/p>\n","protected":false},"excerpt":{"rendered":"<p>[AKTUALIZACJA]&nbsp;Zapisy&nbsp;ju\u017c ruszy\u0142y! Kochani Studenci, Dreptakowicze oraz Symaptycy! W tym roku mamy przyjemno\u015b\u0107 zaprosi\u0107 Was na&nbsp;Rajd 1 Roku w Beskid \u017bywiecki.&nbsp; Rozk\u0142ad \u015bwi\u0105t nam wyj\u0105tkowo dopisa\u0142, poniewa\u017c 11 listopada wypada w&#8230;<\/p>\n","protected":false},"author":12,"featured_media":2425,"comment_status":"open","ping_status":"closed","sticky":false,"template":"","format":"standard","meta":{"jetpack_post_was_ever_published":false,"_jetpack_newsletter_access":"","_jetpack_newsletter_tier_id":0,"jetpack_publicize_message":"","jetpack_is_tweetstorm":false,"jetpack_publicize_feature_enabled":true,"jetpack_social_post_already_shared":true,"jetpack_social_options":{"image_generator_settings":{"template":"highway","enabled":false}},"_links_to":"","_links_to_target":""},"categories":[1],"tags":[],"jetpack_publicize_connections":[],"jetpack_featured_media_url":"https:\/\/dreptak.il.pw.edu.pl\/wp-content\/uploads\/2019\/10\/drepaczzi.jpg","jetpack_sharing_enabled":true,"jetpack_shortlink":"https:\/\/wp.me\/p76D03-Dk","_links":{"self":[{"href":"https:\/\/dreptak.il.pw.edu.pl\/index.php?rest_route=\/wp\/v2\/posts\/2438"}],"collection":[{"href":"https:\/\/dreptak.il.pw.edu.pl\/index.php?rest_route=\/wp\/v2\/posts"}],"about":[{"href":"https:\/\/dreptak.il.pw.edu.pl\/index.php?rest_route=\/wp\/v2\/types\/post"}],"author":[{"embeddable":true,"href":"https:\/\/dreptak.il.pw.edu.pl\/index.php?rest_route=\/wp\/v2\/users\/12"}],"replies":[{"embeddable":true,"href":"https:\/\/dreptak.il.pw.edu.pl\/index.php?rest_route=%2Fwp%2Fv2%2Fcomments&post=2438"}],"version-history":[{"count":12,"href":"https:\/\/dreptak.il.pw.edu.pl\/index.php?rest_route=\/wp\/v2\/posts\/2438\/revisions"}],"predecessor-version":[{"id":2452,"href":"https:\/\/dreptak.il.pw.edu.pl\/index.php?rest_route=\/wp\/v2\/posts\/2438\/revisions\/2452"}],"wp:featuredmedia":[{"embeddable":true,"href":"https:\/\/dreptak.il.pw.edu.pl\/index.php?rest_route=\/wp\/v2\/media\/2425"}],"wp:attachment":[{"href":"https:\/\/dreptak.il.pw.edu.pl\/index.php?rest_route=%2Fwp%2Fv2%2Fmedia&parent=2438"}],"wp:term":[{"taxonomy":"category","embeddable":true,"href":"https:\/\/dreptak.il.pw.edu.pl\/index.php?rest_route=%2Fwp%2Fv2%2Fcategories&post=2438"},{"taxonomy":"post_tag","embeddable":true,"href":"https:\/\/dreptak.il.pw.edu.pl\/index.php?rest_route=%2Fwp%2Fv2%2Ftags&post=2438"}],"curies":[{"name":"wp","href":"https:\/\/api.w.org\/{rel}","templated":true}]}}