{"id":2409,"date":"2019-08-11T14:21:44","date_gmt":"2019-08-11T12:21:44","guid":{"rendered":"http:\/\/dreptak.il.pw.edu.pl\/?p=2409"},"modified":"2019-08-11T14:21:44","modified_gmt":"2019-08-11T12:21:44","slug":"rajd-leniwca-gory-izerskie-i-karkonosze-2019","status":"publish","type":"post","link":"https:\/\/dreptak.il.pw.edu.pl\/?p=2409","title":{"rendered":"Rajd Leniwca \u2013 G\u00f3ry Izerskie i Karkonosze 2019"},"content":{"rendered":"<p><strong>PLAN <a href=\"https:\/\/www.facebook.com\/events\/2380439512036018\/\">RAJDU<\/a><\/strong><\/p>\n<p><strong><u>Czwartek:<\/u><\/strong><\/p>\n<p>Spotykamy si\u0119 w Dreptak\u00f3wce o 19:00. Wyjazd o 22:30 z Placu Politechniki. Jedziemy autokarem do \u015awieradowa Zdroju.<\/p>\n<p>Dojazd na miejsce oko\u0142o 5 rano.<\/p>\n<p><strong><u>Pi\u0105tek:<\/u><\/strong><\/p>\n<p>https:\/\/mapa-turystyczna.pl\/route?q=50.9073320,15.3342750;50.7918820,15.5134030<\/p>\n<p>Dystans: 23,4 km<br \/>\nCzas\u00f3wka: 7:49 h<\/p>\n<p>Przez wi\u0119kszo\u015b\u0107 drogi jest p\u0142asko, pod koniec troch\u0119 bardziej pod g\u00f3r\u0119. Po drodze jest jedno schronisko i miejscowo\u015b\u0107 (Jakuszyce). Czas\u00f3wka jest troch\u0119 d\u0142u\u017csza, ale startujemy bardzo wcze\u015bnie i mo\u017cna to sobie spokojnie roz\u0142o\u017cy\u0107 na calutki dzie\u0144. We will get there when we get there.<\/p>\n<p>Wersja dla Leniwc\u00f3w (autokar zawozi ich do Jakuszyc):<\/p>\n<p>https:\/\/mapa-turystyczna.pl\/route?q=50.8174420,15.4315580;50.7918820,15.5134030<\/p>\n<p>Dystans: 8,1 km<br \/>\nCzas\u00f3wka: 2:57 h<\/p>\n<p>Trasa ogranicza si\u0119 do doj\u015bcia do schroniska. Po ustaleniu z organizatorkami mo\u017cna p\u00f3\u017aniej p\u00f3j\u015b\u0107 na wycieczk\u0119 na lekko we w\u0142asnym zakresie.<\/p>\n<p>Nocujemy w Schronisku Szrenica<br \/>\n<a href=\"http:\/\/www.szrenica.pl\/schronisko.php\">http:\/\/www.szrenica.pl\/schronisko.php<\/a><\/p>\n<p><strong><u>Sobota:<\/u><\/strong><\/p>\n<p><a href=\"https:\/\/mapa-turystyczna.pl\/route?q=50.7918820,15.5134030;50.7392720,15.7290370\">https:\/\/mapa-turystyczna.pl\/route?q=50.7918820,15.5134030;50.7392720,15.7290370<\/a><\/p>\n<p>Dystans: 19,5 km<br \/>\nCzas\u00f3wka: 5:54 h<\/p>\n<p>Trasa kr\u00f3tsza ni\u017c poprzedniego dnia, jednak bardziej zr\u00f3\u017cnicowana, je\u017celi chodzi o profil wysoko\u015bci. Wszelkie trudy w\u0119dr\u00f3wki wynagrodz\u0105 widoki oraz du\u017ca ilo\u015b\u0107 czasu na wypoczynek, je\u017celi wyjdziemy odpowiednio wcze\u015bnie ze schroniska.<\/p>\n<p>Nocujemy w Schronisku Dom \u015al\u0105ski<br \/>\n<a href=\"http:\/\/domslaski.pl\/\">http:\/\/domslaski.pl\/<\/a><\/p>\n<p><strong><u>Niedziela:<\/u><\/strong><\/p>\n<p><a href=\"https:\/\/mapa-turystyczna.pl\/route?q=50.7392720,15.7290370;50.7361030,15.7397420;50.7527660,15.7922190;50.7931770,15.8356630\">https:\/\/mapa-turystyczna.pl\/route?q=50.7392720,15.7290370;50.7361030,15.7397420;50.7527660,15.7922190;50.7931770,15.8356630<\/a><\/p>\n<p>Dystans: 13,2 km<br \/>\nCzas\u00f3wka: 4:08 h<\/p>\n<p>Tego dnia czeka nas tylko wspi\u0119cie si\u0119 na \u015anie\u017ck\u0119 (40 minut ze schroniska) i \u0142agodne zej\u015bcie do Kowar ze zdobyciem Skalnego Sto\u0142u po drodze.<\/p>\n<p>Powr\u00f3t do Warszawy oko\u0142o godziny 22.<\/p>\n<p>&nbsp;<\/p>\n","protected":false},"excerpt":{"rendered":"<p>PLAN RAJDU Czwartek: Spotykamy si\u0119 w Dreptak\u00f3wce o 19:00. Wyjazd o 22:30 z Placu Politechniki. Jedziemy autokarem do \u015awieradowa Zdroju. Dojazd na miejsce oko\u0142o 5 rano. Pi\u0105tek: https:\/\/mapa-turystyczna.pl\/route?q=50.9073320,15.3342750;50.7918820,15.5134030 Dystans: 23,4&#8230;<\/p>\n","protected":false},"author":12,"featured_media":2410,"comment_status":"open","ping_status":"closed","sticky":false,"template":"","format":"standard","meta":{"jetpack_post_was_ever_published":false,"_jetpack_newsletter_access":"","_jetpack_newsletter_tier_id":0,"jetpack_publicize_message":"","jetpack_is_tweetstorm":false,"jetpack_publicize_feature_enabled":true,"jetpack_social_post_already_shared":true,"jetpack_social_options":{"image_generator_settings":{"template":"highway","enabled":false}},"_links_to":"","_links_to_target":""},"categories":[1],"tags":[],"jetpack_publicize_connections":[],"jetpack_featured_media_url":"https:\/\/dreptak.il.pw.edu.pl\/wp-content\/uploads\/2019\/08\/67768286_2171681096271024_1459050830547124224_o.jpg","jetpack_sharing_enabled":true,"jetpack_shortlink":"https:\/\/wp.me\/p76D03-CR","_links":{"self":[{"href":"https:\/\/dreptak.il.pw.edu.pl\/index.php?rest_route=\/wp\/v2\/posts\/2409"}],"collection":[{"href":"https:\/\/dreptak.il.pw.edu.pl\/index.php?rest_route=\/wp\/v2\/posts"}],"about":[{"href":"https:\/\/dreptak.il.pw.edu.pl\/index.php?rest_route=\/wp\/v2\/types\/post"}],"author":[{"embeddable":true,"href":"https:\/\/dreptak.il.pw.edu.pl\/index.php?rest_route=\/wp\/v2\/users\/12"}],"replies":[{"embeddable":true,"href":"https:\/\/dreptak.il.pw.edu.pl\/index.php?rest_route=%2Fwp%2Fv2%2Fcomments&post=2409"}],"version-history":[{"count":1,"href":"https:\/\/dreptak.il.pw.edu.pl\/index.php?rest_route=\/wp\/v2\/posts\/2409\/revisions"}],"predecessor-version":[{"id":2411,"href":"https:\/\/dreptak.il.pw.edu.pl\/index.php?rest_route=\/wp\/v2\/posts\/2409\/revisions\/2411"}],"wp:featuredmedia":[{"embeddable":true,"href":"https:\/\/dreptak.il.pw.edu.pl\/index.php?rest_route=\/wp\/v2\/media\/2410"}],"wp:attachment":[{"href":"https:\/\/dreptak.il.pw.edu.pl\/index.php?rest_route=%2Fwp%2Fv2%2Fmedia&parent=2409"}],"wp:term":[{"taxonomy":"category","embeddable":true,"href":"https:\/\/dreptak.il.pw.edu.pl\/index.php?rest_route=%2Fwp%2Fv2%2Fcategories&post=2409"},{"taxonomy":"post_tag","embeddable":true,"href":"https:\/\/dreptak.il.pw.edu.pl\/index.php?rest_route=%2Fwp%2Fv2%2Ftags&post=2409"}],"curies":[{"name":"wp","href":"https:\/\/api.w.org\/{rel}","templated":true}]}}