{"id":2268,"date":"2018-11-16T15:09:02","date_gmt":"2018-11-16T14:09:02","guid":{"rendered":"http:\/\/dreptak.il.pw.edu.pl\/?p=2268"},"modified":"2018-11-16T15:10:45","modified_gmt":"2018-11-16T14:10:45","slug":"bikes-on-tour-adriatic-czyli-rowerem-wzdluz-adriatyku","status":"publish","type":"post","link":"https:\/\/dreptak.il.pw.edu.pl\/?p=2268","title":{"rendered":"Bikes on tour: Adriatic &#8211; Czyli rowerem wzd\u0142u\u017c Adriatyku"},"content":{"rendered":"<p>Serdecznie zapraszamy na prelekcj\u0119 podr\u00f3\u017cnicz\u0105!<\/p>\n<p>Kiedy? 22 listopada (czwartek) godz. 19:00<br \/>\nGdzie? Wydzia\u0142 In\u017cynierii L\u0105dowej PW, pok. 238 A (Dreptak\u00f3wka)<br \/>\nWydarzenie <a href=\"https:\/\/www.facebook.com\/events\/1425051817626253\/\">FB<\/a><\/p>\n<p><em>&#8222;6 \u2013 przez tyle kraj\u00f3w wiod\u0142a trasa naszej wyprawy;\u00a0<\/em><br \/>\n<em>10 \u2013 \u015bmia\u0142k\u00f3w wyruszy\u0142o, by zmierzy\u0107 si\u0119 z trudami ba\u0142ka\u0144skiej podr\u00f3\u017cy;\u00a0<\/em><br \/>\n<em>35 \u2013 stopni Celsjusza wynosi\u0142a \u015brednia temperatura podczas touru;<\/em><br \/>\n<em>1000 \u2013 prawie tyle kilometr\u00f3w pokonali\u015bmy na rowerach;<\/em><\/p>\n<p><em>Wyprawa wzd\u0142u\u017c Adriatyku to jednak nie tylko liczby&#8230; To przede wszystkim ludzie, ich emocje, wysi\u0142ek, niecodzienne przygody, malownicze krajobrazy, wielokulturowo\u015b\u0107 napotkanych ludzi, blisko\u015b\u0107 orze\u017awiaj\u0105cego morza i wiele, wiele wi\u0119cej&#8230;\u00a0<\/em><\/p>\n<p><em>Zapraszamy na opowie\u015b\u0107 o podr\u00f3\u017cy na dw\u00f3ch k\u00f3\u0142kach, podczas kt\u00f3rej przejechali\u015bmy przez urzekaj\u0105c\u0105 sw\u0105 naturalno\u015bci\u0105 Albani\u0119, zwiedzili\u015bmy niezwyk\u0142e zabytki Czarnog\u00f3ry, pokonali\u015bmy spalone s\u0142o\u0144cem ziemie Bo\u015bni, zat\u0142oczone kurorty Chorwacji, zielon\u0105, g\u00f3rzyst\u0105 S\u0142oweni\u0119, by zako\u0144czy\u0107 wypraw\u0119 we w\u0142oskiej Wenecji. W trakcie prelekcji postaramy si\u0119 tak\u017ce udzieli\u0107 Wam praktycznych wskaz\u00f3wek organizacji wielodniowych wypraw rowerowych.\u00a0<\/em><\/p>\n<p><em>Do zobaczenia,\u00a0<\/em><br \/>\n<em>Gniewomir i Micha\u0142&#8221;<\/em><\/p>\n<p><a href=\"http:\/\/dreptak.il.pw.edu.pl\/wp-content\/uploads\/2018\/11\/46138649_1754416224664182_46893539564453888_o.jpg\"><img decoding=\"async\" loading=\"lazy\" class=\"alignnone wp-image-2269\" src=\"http:\/\/dreptak.il.pw.edu.pl\/wp-content\/uploads\/2018\/11\/46138649_1754416224664182_46893539564453888_o-300x199.jpg\" alt=\"\" width=\"684\" height=\"454\" srcset=\"https:\/\/dreptak.il.pw.edu.pl\/wp-content\/uploads\/2018\/11\/46138649_1754416224664182_46893539564453888_o-300x199.jpg 300w, https:\/\/dreptak.il.pw.edu.pl\/wp-content\/uploads\/2018\/11\/46138649_1754416224664182_46893539564453888_o-768x509.jpg 768w, https:\/\/dreptak.il.pw.edu.pl\/wp-content\/uploads\/2018\/11\/46138649_1754416224664182_46893539564453888_o-1024x678.jpg 1024w, https:\/\/dreptak.il.pw.edu.pl\/wp-content\/uploads\/2018\/11\/46138649_1754416224664182_46893539564453888_o.jpg 2048w\" sizes=\"(max-width: 684px) 100vw, 684px\" \/><\/a><\/p>\n<p>&nbsp;<\/p>\n","protected":false},"excerpt":{"rendered":"<p>Serdecznie zapraszamy na prelekcj\u0119 podr\u00f3\u017cnicz\u0105! Kiedy? 22 listopada (czwartek) godz. 19:00 Gdzie? Wydzia\u0142 In\u017cynierii L\u0105dowej PW, pok. 238 A (Dreptak\u00f3wka) Wydarzenie FB &#8222;6 \u2013 przez tyle kraj\u00f3w wiod\u0142a trasa naszej&#8230;<\/p>\n","protected":false},"author":12,"featured_media":2269,"comment_status":"open","ping_status":"closed","sticky":false,"template":"","format":"standard","meta":{"jetpack_post_was_ever_published":false,"_jetpack_newsletter_access":"","_jetpack_newsletter_tier_id":0,"jetpack_publicize_message":"","jetpack_is_tweetstorm":false,"jetpack_publicize_feature_enabled":true,"jetpack_social_post_already_shared":true,"jetpack_social_options":{"image_generator_settings":{"template":"highway","enabled":false}},"_links_to":"","_links_to_target":""},"categories":[342,1],"tags":[],"jetpack_publicize_connections":[],"jetpack_featured_media_url":"https:\/\/dreptak.il.pw.edu.pl\/wp-content\/uploads\/2018\/11\/46138649_1754416224664182_46893539564453888_o.jpg","jetpack_sharing_enabled":true,"jetpack_shortlink":"https:\/\/wp.me\/p76D03-AA","_links":{"self":[{"href":"https:\/\/dreptak.il.pw.edu.pl\/index.php?rest_route=\/wp\/v2\/posts\/2268"}],"collection":[{"href":"https:\/\/dreptak.il.pw.edu.pl\/index.php?rest_route=\/wp\/v2\/posts"}],"about":[{"href":"https:\/\/dreptak.il.pw.edu.pl\/index.php?rest_route=\/wp\/v2\/types\/post"}],"author":[{"embeddable":true,"href":"https:\/\/dreptak.il.pw.edu.pl\/index.php?rest_route=\/wp\/v2\/users\/12"}],"replies":[{"embeddable":true,"href":"https:\/\/dreptak.il.pw.edu.pl\/index.php?rest_route=%2Fwp%2Fv2%2Fcomments&post=2268"}],"version-history":[{"count":2,"href":"https:\/\/dreptak.il.pw.edu.pl\/index.php?rest_route=\/wp\/v2\/posts\/2268\/revisions"}],"predecessor-version":[{"id":2271,"href":"https:\/\/dreptak.il.pw.edu.pl\/index.php?rest_route=\/wp\/v2\/posts\/2268\/revisions\/2271"}],"wp:featuredmedia":[{"embeddable":true,"href":"https:\/\/dreptak.il.pw.edu.pl\/index.php?rest_route=\/wp\/v2\/media\/2269"}],"wp:attachment":[{"href":"https:\/\/dreptak.il.pw.edu.pl\/index.php?rest_route=%2Fwp%2Fv2%2Fmedia&parent=2268"}],"wp:term":[{"taxonomy":"category","embeddable":true,"href":"https:\/\/dreptak.il.pw.edu.pl\/index.php?rest_route=%2Fwp%2Fv2%2Fcategories&post=2268"},{"taxonomy":"post_tag","embeddable":true,"href":"https:\/\/dreptak.il.pw.edu.pl\/index.php?rest_route=%2Fwp%2Fv2%2Ftags&post=2268"}],"curies":[{"name":"wp","href":"https:\/\/api.w.org\/{rel}","templated":true}]}}