{"id":1494,"date":"2017-05-12T13:49:02","date_gmt":"2017-05-12T11:49:02","guid":{"rendered":"http:\/\/dreptak.il.pw.edu.pl\/?p=1494"},"modified":"2017-05-13T17:11:54","modified_gmt":"2017-05-13T15:11:54","slug":"rajd-cielak-2017","status":"publish","type":"post","link":"https:\/\/dreptak.il.pw.edu.pl\/?p=1494","title":{"rendered":"Rajd Cielak 3-4.06.2017"},"content":{"rendered":"<p><strong><span class=\"fsl\" data-testid=\"event-permalink-details\">Drodzy Weterani, Cz\u0142onkowie i Sympatycy!<\/span><\/strong><\/p>\n<p><strong>Serdecznie zapraszamy na imprez\u0119 \u201eCielak 2017\u201d!<\/strong><\/p>\n<p><strong>Odb\u0119dzie si\u0119 ona w sobot\u0119, 3 czerwca 2017 r. w Stajni <a href=\"http:\/\/www.agroturystyka.pl\/stajnia_dzygitowka_id_621.html?ob=2775\">D\u017cygit\u00f3wka<\/a> pod adresem Piaski Duchowne 1, 05-088 Broch\u00f3w. <span class=\"fsl\" data-testid=\"event-permalink-details\">Impreza rozpocznie si\u0119 o godzinie 15.00.<\/span><\/strong><\/p>\n<p><!--more--><span class=\"fsl\" data-testid=\"event-permalink-details\">Zapraszamy wszystkich przyjaci\u00f3\u0142 Dreptaka \u2013 Ma\u0142ych, Du\u017cych, Mniejszych i jeszcze Wi\u0119kszych, dlatego zapro\u015bcie w naszym imieniu swoich znajomych z Dreptaka!<\/span><\/p>\n<p>Wszystkich ch\u0119tnych do udzia\u0142u w imprezie prosimy o wype\u0142nienie formularza: <span class=\"text_exposed_show\"><a href=\"https:\/\/l.facebook.com\/l.php?u=https%3A%2F%2Fgoo.gl%2Fforms%2Fg3rVf2DpTMR5vHIi2&amp;h=ATOiLKGcjr1KmqgHigzK53z_sAbw6Y7mtdkNUrnPm3Cn6UksQGAYUhavchrTCekiNwH1vvpSec-eKqkBRT1n9mZw04uLTyReODi6mco-AA1Dj4Qc9AICoi7tAyq_8FU0XAgEMT8Nbg&amp;enc=AZN_28K7nCs8oeoqEJNLddn4lYztyZWS899plOl781W3E3M1Fcx0_lUQzVGsSelx0BA&amp;s=1\" target=\"_blank\" rel=\"nofollow nofollow noopener noreferrer\">https:\/\/goo.gl\/forms\/<wbr \/>g3rVf2DpTMR5vHIi2<\/a><\/span><\/p>\n<p>W dniu imprezy oczywi\u015bcie nikogo nie wygonimy, jednak wype\u0142nienie przez Was formularza znacz\u0105co u\u0142atwi nam organizacj\u0119 i oszacowanie ilo\u015bci potrzebnych rzeczy \ud83d\ude42 Dodatkowo, osoby, kt\u00f3re do 14 maja wype\u0142ni\u0105 formularz, b\u0119d\u0105 mie\u0107 zapewnion\u0105 koszulk\u0119 w swoim rozmiarze, rozmiary i ilo\u015b\u0107 pozosta\u0142ych zostanie zam\u00f3wiona &#8222;na oko&#8221;. Poprzez formularz mo\u017cna r\u00f3wnie\u017c zarezerwowa\u0107 nocleg w pokoju czy zam\u00f3wi\u0107 \u015bniadanie (w\u0142a\u015bcicielka stajni prosi\u0142a o wcze\u015bniejsz\u0105 informacj\u0119). Uwaga! Pierwsze\u0144stwo w przydziale pokoju maj\u0105 Weterani i uczestnicy z dzie\u0107mi \ud83d\ude42<\/p>\n<h5>Rodzice!<\/h5>\n<p>Serdecznie zapraszamy z dzie\u0107mi \ud83d\ude42 W Stajni D\u017cygit\u00f3wka s\u0105 hu\u015btawki, piaszczyste boisko do siatk\u00f3wki i zwierz\u0119ta m.in. kucyk \u2013 mo\u017cna wykupi\u0107 przeja\u017cd\u017ck\u0119.<br \/>\nW formularzu widnieje mo\u017cliwo\u015b\u0107 zam\u00f3wienia koszulek dla dzieciak\u00f3w, jednak z dost\u0119pno\u015bci\u0105 rozmiar\u00f3w bywa r\u00f3\u017cnie, obowi\u0105zuje wi\u0119c zasada &#8211; im wcze\u015bniej zam\u00f3wione, tym lepiej \ud83d\ude09<\/p>\n<h5>Koszt imprezy:<\/h5>\n<ul>\n<li>20 z\u0142 \u2013 studenci oraz Cz\u0142onkowie maj\u0105cy uregulowane sk\u0142adki na koniec maja<\/li>\n<li>35 z\u0142 \u2013 pozostali Cz\u0142onkowie, Weterani oraz Sympatycy Klubu<\/li>\n<\/ul>\n<p>W cenie:<br \/>\n\u2013 g\u0142\u00f3wna atrakcja wieczoru: cielak,<br \/>\n\u2013 jedzenie i picie,<br \/>\n\u2013 nocleg w namiocie lub w stodole,<br \/>\n\u2013 dobra zabawa!<\/p>\n<p>Dodatkowe op\u0142aty:<br \/>\n\u2013 nocleg w pokojach: 60 z\u0142\/os.<br \/>\n\u2013 koszulka: 5 z\u0142.<\/p>\n<h5>Wp\u0142aty:<\/h5>\n<p>Wp\u0142aty za Rajd mo\u017cna dokonywa\u0107 przelewem (podanym w mailu powitalnym) do \u015brody 31 maja lub osobi\u015bcie na Rajdzie.<\/p>\n<p>Jak zawsze zorganizujemy te\u017c grupy piesze i rowerowe, kt\u00f3re pozwol\u0105 dotrze\u0107 na rajd w mi\u0142ym towarzystwie. Informacje na temat dojazdu oraz grupy pieszej i rowerowej prze\u015bl\u0119 kilka dni przed rajdem.<\/p>\n<p>Serdecznie zapraszam!<\/p>\n<p>Ma\u0142gorzata Siedlaczek<br \/>\nKoordynator Cielaka 2017<\/p>\n<p>tel.: 605 199 647<br \/>\nmail: dreptak@il.pw.edu.pl<!--more--><!--more--><\/p>\n","protected":false},"excerpt":{"rendered":"<p>Drodzy Weterani, Cz\u0142onkowie i Sympatycy! Serdecznie zapraszamy na imprez\u0119 \u201eCielak 2017\u201d! Odb\u0119dzie si\u0119 ona w sobot\u0119, 3 czerwca 2017 r. w Stajni D\u017cygit\u00f3wka pod adresem Piaski Duchowne 1, 05-088 Broch\u00f3w&#8230;.<\/p>\n","protected":false},"author":9,"featured_media":1498,"comment_status":"open","ping_status":"closed","sticky":false,"template":"","format":"standard","meta":{"jetpack_post_was_ever_published":false,"_jetpack_newsletter_access":"","_jetpack_newsletter_tier_id":0,"jetpack_publicize_message":"","jetpack_is_tweetstorm":false,"jetpack_publicize_feature_enabled":true,"jetpack_social_post_already_shared":true,"jetpack_social_options":{"image_generator_settings":{"template":"highway","enabled":false}},"_links_to":"","_links_to_target":""},"categories":[346],"tags":[],"jetpack_publicize_connections":[],"jetpack_featured_media_url":"https:\/\/dreptak.il.pw.edu.pl\/wp-content\/uploads\/2017\/05\/18221748_1690851360928526_6169982766667161698_n.jpg","jetpack_sharing_enabled":true,"jetpack_shortlink":"https:\/\/wp.me\/p76D03-o6","_links":{"self":[{"href":"https:\/\/dreptak.il.pw.edu.pl\/index.php?rest_route=\/wp\/v2\/posts\/1494"}],"collection":[{"href":"https:\/\/dreptak.il.pw.edu.pl\/index.php?rest_route=\/wp\/v2\/posts"}],"about":[{"href":"https:\/\/dreptak.il.pw.edu.pl\/index.php?rest_route=\/wp\/v2\/types\/post"}],"author":[{"embeddable":true,"href":"https:\/\/dreptak.il.pw.edu.pl\/index.php?rest_route=\/wp\/v2\/users\/9"}],"replies":[{"embeddable":true,"href":"https:\/\/dreptak.il.pw.edu.pl\/index.php?rest_route=%2Fwp%2Fv2%2Fcomments&post=1494"}],"version-history":[{"count":7,"href":"https:\/\/dreptak.il.pw.edu.pl\/index.php?rest_route=\/wp\/v2\/posts\/1494\/revisions"}],"predecessor-version":[{"id":1505,"href":"https:\/\/dreptak.il.pw.edu.pl\/index.php?rest_route=\/wp\/v2\/posts\/1494\/revisions\/1505"}],"wp:featuredmedia":[{"embeddable":true,"href":"https:\/\/dreptak.il.pw.edu.pl\/index.php?rest_route=\/wp\/v2\/media\/1498"}],"wp:attachment":[{"href":"https:\/\/dreptak.il.pw.edu.pl\/index.php?rest_route=%2Fwp%2Fv2%2Fmedia&parent=1494"}],"wp:term":[{"taxonomy":"category","embeddable":true,"href":"https:\/\/dreptak.il.pw.edu.pl\/index.php?rest_route=%2Fwp%2Fv2%2Fcategories&post=1494"},{"taxonomy":"post_tag","embeddable":true,"href":"https:\/\/dreptak.il.pw.edu.pl\/index.php?rest_route=%2Fwp%2Fv2%2Ftags&post=1494"}],"curies":[{"name":"wp","href":"https:\/\/api.w.org\/{rel}","templated":true}]}}